{"id":473,"date":"2017-12-10T18:23:46","date_gmt":"2017-12-10T18:23:46","guid":{"rendered":"http:\/\/lenahf.se\/?p=473"},"modified":"2018-07-21T08:22:32","modified_gmt":"2018-07-21T08:22:32","slug":"opera-och-julsanger","status":"publish","type":"post","link":"https:\/\/lenahf.se\/index.php\/2017\/12\/10\/opera-och-julsanger\/","title":{"rendered":"Opera och   juls\u00e5nger"},"content":{"rendered":"<p>10 december 2017.\u00a0\u00a0St\u00e4mningsfull julmiddag hos landsh\u00f6vdingen p\u00e5 V\u00e4ster\u00e5s slott med b\u00e4sta kollegan Staffan Sandstr\u00f6m. Succ\u00e9 med v\u00e5r \u00f6verraskning d\u00e5 trion med Amelie Flink, Rebecca Hellbom och Frida Bergquist sj\u00f6ng b\u00e5de opera och juls\u00e5nger<\/p>\n<p>&nbsp;<\/p>\n<p><em>Om Lena Helltr\u00f6m-F\u00e4rnl\u00f6f, e<\/em><em>n av Sveriges fr\u00e4msta s\u00e5ngpedagoger<\/em><\/p>\n<p><em>Utbildad vid Operah\u00f6gskolan i Stockholm och Musikh\u00f6gskolan i G\u00f6teborg. Sjungit allt ifr\u00e5n tidig medeltidsmusik till ultramodern nyskriven i sm\u00e5 och stora konstellationer, opera, barnopera, kammarmusik, solist med orkestrar, solist i sakrala verk b\u00e5de i Sverige och utomlands.<\/em><\/p>\n<p><em>Efter m\u00e5nga \u00e5r i branschen, f\u00f6rst som student, sedan ute p\u00e5 f\u00e4ltet som konsert- och operas\u00e5ngerska \u00e4gnar sig Lena nu sig exklusivt \u00e5t s\u00e5ngundervisning.<\/em><\/p>\n<p><em>Professor\u00a0 och excellent teacher, undervisar professionella s\u00e5ngare och studenter i alla r\u00f6stfack, ger regelbundet masterclasses nationellt och internationellt.<\/em><\/p>\n<p><em>Agerar ofta sakkunnig i jurys och \u00e4r artistisk r\u00e5dgivare i agenturen Good Company.<\/em><\/p>\n<p><em>Lena\u00a0 \u00e4r en uppskattad konferenci\u00e4r i konsert och operasammanhang.\u00a0<\/em><\/p>\n","protected":false},"excerpt":{"rendered":"<p>10 december 2017.\u00a0\u00a0St\u00e4mningsfull julmiddag hos landsh\u00f6vdingen p\u00e5 V\u00e4ster\u00e5s slott med b\u00e4sta kollegan Staffan Sandstr\u00f6m. Succ\u00e9 med v\u00e5r \u00f6verraskning d\u00e5 trion med Amelie Flink, Rebecca Hellbom och Frida Bergquist sj\u00f6ng b\u00e5de opera och juls\u00e5nger &nbsp; Om Lena Helltr\u00f6m-F\u00e4rnl\u00f6f, en av Sveriges fr\u00e4msta s\u00e5ngpedagoger Utbildad vid Operah\u00f6gskolan i Stockholm och Musikh\u00f6gskolan i G\u00f6teborg. Sjungit allt ifr\u00e5n tidig [&hellip;]<\/p>\n","protected":false},"author":1,"featured_media":474,"comment_status":"closed","ping_status":"open","sticky":false,"template":"","format":"standard","meta":{"footnotes":""},"categories":[1],"tags":[],"class_list":["post-473","post","type-post","status-publish","format-standard","has-post-thumbnail","hentry","category-uncategorized"],"_links":{"self":[{"href":"https:\/\/lenahf.se\/index.php\/wp-json\/wp\/v2\/posts\/473","targetHints":{"allow":["GET"]}}],"collection":[{"href":"https:\/\/lenahf.se\/index.php\/wp-json\/wp\/v2\/posts"}],"about":[{"href":"https:\/\/lenahf.se\/index.php\/wp-json\/wp\/v2\/types\/post"}],"author":[{"embeddable":true,"href":"https:\/\/lenahf.se\/index.php\/wp-json\/wp\/v2\/users\/1"}],"replies":[{"embeddable":true,"href":"https:\/\/lenahf.se\/index.php\/wp-json\/wp\/v2\/comments?post=473"}],"version-history":[{"count":2,"href":"https:\/\/lenahf.se\/index.php\/wp-json\/wp\/v2\/posts\/473\/revisions"}],"predecessor-version":[{"id":573,"href":"https:\/\/lenahf.se\/index.php\/wp-json\/wp\/v2\/posts\/473\/revisions\/573"}],"wp:featuredmedia":[{"embeddable":true,"href":"https:\/\/lenahf.se\/index.php\/wp-json\/wp\/v2\/media\/474"}],"wp:attachment":[{"href":"https:\/\/lenahf.se\/index.php\/wp-json\/wp\/v2\/media?parent=473"}],"wp:term":[{"taxonomy":"category","embeddable":true,"href":"https:\/\/lenahf.se\/index.php\/wp-json\/wp\/v2\/categories?post=473"},{"taxonomy":"post_tag","embeddable":true,"href":"https:\/\/lenahf.se\/index.php\/wp-json\/wp\/v2\/tags?post=473"}],"curies":[{"name":"wp","href":"https:\/\/api.w.org\/{rel}","templated":true}]}}