{"id":525,"date":"2018-05-27T23:40:12","date_gmt":"2018-05-27T23:40:12","guid":{"rendered":"http:\/\/lenahf.se\/?p=525"},"modified":"2018-07-21T08:16:34","modified_gmt":"2018-07-21T08:16:34","slug":"525","status":"publish","type":"post","link":"https:\/\/lenahf.se\/index.php\/2018\/05\/27\/525\/","title":{"rendered":"V\u00e4ster\u00e5s                                                                        Domkyrka"},"content":{"rendered":"<p>27 maj 2018.\u00a0\u00a0Vilken underbar konsert i V\u00e4ster\u00e5s domkyrka med k\u00f6rer, Bergslagens symfoniorkester och s\u00e5ngarna Karin Mobacke, Marcus Bartoletti och Samuel Sassersson fr\u00e5n Musik- och Operah\u00f6gskolan vid M\u00e4lardalens h\u00f6gskola som solister i F\u00f6rkl\u00e4dd Gud!<br \/>\nH\u00e4rligt med b\u00e5de gossk\u00f6r, flickk\u00f6r,ungdomsk\u00f6r, Mariak\u00f6ren och Motettk\u00f6ren!<br \/>\nTack Johan Hammarstr\u00f6m som bjuder in oss att medverka!<\/p>\n<p><em>Om Lena Helltr\u00f6m-F\u00e4rnl\u00f6f, e<\/em><em>n av Sveriges fr\u00e4msta s\u00e5ngpedagoger<\/em><\/p>\n<p><em>Utbildad vid Operah\u00f6gskolan i Stockholm och Musikh\u00f6gskolan i G\u00f6teborg. Sjungit allt ifr\u00e5n tidig medeltidsmusik till ultramodern nyskriven i sm\u00e5 och stora konstellationer, opera, barnopera, kammarmusik, solist med orkestrar, solist i sakrala verk b\u00e5de i Sverige och utomlands.<\/em><\/p>\n<p><em>Efter m\u00e5nga \u00e5r i branschen, f\u00f6rst som student, sedan ute p\u00e5 f\u00e4ltet som konsert- och operas\u00e5ngerska \u00e4gnar sig Lena nu sig exklusivt \u00e5t s\u00e5ngundervisning.<\/em><\/p>\n<p><em>Professor\u00a0 och excellent teacher, undervisar professionella s\u00e5ngare och studenter i alla r\u00f6stfack, ger regelbundet masterclasses nationellt och internationellt.<\/em><\/p>\n<p><em>Agerar ofta sakkunnig i jurys och \u00e4r artistisk r\u00e5dgivare i agenturen Good Company.<\/em><\/p>\n<p><em>Lena\u00a0 \u00e4r en uppskattad konferenci\u00e4r i konsert och operasammanhang.\u00a0<\/em><\/p>\n","protected":false},"excerpt":{"rendered":"<p>27 maj 2018.\u00a0\u00a0Vilken underbar konsert i V\u00e4ster\u00e5s domkyrka med k\u00f6rer, Bergslagens symfoniorkester och s\u00e5ngarna Karin Mobacke, Marcus Bartoletti och Samuel Sassersson fr\u00e5n Musik- och Operah\u00f6gskolan vid M\u00e4lardalens h\u00f6gskola som solister i F\u00f6rkl\u00e4dd Gud! H\u00e4rligt med b\u00e5de gossk\u00f6r, flickk\u00f6r,ungdomsk\u00f6r, Mariak\u00f6ren och Motettk\u00f6ren! Tack Johan Hammarstr\u00f6m som bjuder in oss att medverka! Om Lena Helltr\u00f6m-F\u00e4rnl\u00f6f, en av [&hellip;]<\/p>\n","protected":false},"author":1,"featured_media":526,"comment_status":"closed","ping_status":"open","sticky":false,"template":"","format":"standard","meta":{"footnotes":""},"categories":[1],"tags":[],"class_list":["post-525","post","type-post","status-publish","format-standard","has-post-thumbnail","hentry","category-uncategorized"],"_links":{"self":[{"href":"https:\/\/lenahf.se\/index.php\/wp-json\/wp\/v2\/posts\/525","targetHints":{"allow":["GET"]}}],"collection":[{"href":"https:\/\/lenahf.se\/index.php\/wp-json\/wp\/v2\/posts"}],"about":[{"href":"https:\/\/lenahf.se\/index.php\/wp-json\/wp\/v2\/types\/post"}],"author":[{"embeddable":true,"href":"https:\/\/lenahf.se\/index.php\/wp-json\/wp\/v2\/users\/1"}],"replies":[{"embeddable":true,"href":"https:\/\/lenahf.se\/index.php\/wp-json\/wp\/v2\/comments?post=525"}],"version-history":[{"count":3,"href":"https:\/\/lenahf.se\/index.php\/wp-json\/wp\/v2\/posts\/525\/revisions"}],"predecessor-version":[{"id":561,"href":"https:\/\/lenahf.se\/index.php\/wp-json\/wp\/v2\/posts\/525\/revisions\/561"}],"wp:featuredmedia":[{"embeddable":true,"href":"https:\/\/lenahf.se\/index.php\/wp-json\/wp\/v2\/media\/526"}],"wp:attachment":[{"href":"https:\/\/lenahf.se\/index.php\/wp-json\/wp\/v2\/media?parent=525"}],"wp:term":[{"taxonomy":"category","embeddable":true,"href":"https:\/\/lenahf.se\/index.php\/wp-json\/wp\/v2\/categories?post=525"},{"taxonomy":"post_tag","embeddable":true,"href":"https:\/\/lenahf.se\/index.php\/wp-json\/wp\/v2\/tags?post=525"}],"curies":[{"name":"wp","href":"https:\/\/api.w.org\/{rel}","templated":true}]}}