{"id":553,"date":"2018-07-09T23:46:19","date_gmt":"2018-07-09T23:46:19","guid":{"rendered":"http:\/\/lenahf.se\/?p=553"},"modified":"2018-07-21T08:00:01","modified_gmt":"2018-07-21T08:00:01","slug":"553","status":"publish","type":"post","link":"https:\/\/lenahf.se\/index.php\/2018\/07\/09\/553\/","title":{"rendered":"Erik Jersenius                                                             Riddartornet"},"content":{"rendered":"<p>9 juli 2018.<\/p>\n<p>Erik Jersenius skrev p\u00e5 sin Facebook om Riddartornet:<\/p>\n<p><em>&#8221;Link\u00f6pingsfilosofen Jan Willner har en g\u00e5ng sagt att Platons filosofi och verklighetsuppfattning b\u00e4st f\u00f6rst\u00e5s genom att l\u00e4sa Erik Johan Stagnelius poesi, i hans ord om hur v\u00e5ra arma sj\u00e4lar, tr\u00e5nande efter Gud, h\u00e5lls f\u00e5ngna i materiens bojor. Stagnelius, den svenska romantikens stora geni, ger en t\u00e4mligen m\u00f6rk framst\u00e4llning av sinnev\u00e4rlden, vi lever i en mots\u00e4gelsefull, s\u00e5rig och absurd tillvaro d\u00e4r den enda r\u00e4ddningen ur v\u00e5r j\u00e4mmerdal tycks finnas, f\u00f6r \u00e5tminstone den obefl\u00e4ck<span class=\"text_exposed_show\">ade eller \u00e5ngerfulla sj\u00e4len, p\u00e5 andra sidan d\u00f6den.<\/span><\/em><\/p>\n<div class=\"text_exposed_show\">\n<p><em>Stagnelius nattsvarta sorgespel &#8221;Riddartornet&#8221; \u00e4r skrivet 1821. Det \u00e4r en skr\u00e4cktragedi om svek, f\u00f6rbjudna beg\u00e4r och ond br\u00e5d d\u00f6d, som rik p\u00e5 mystik och symboler ur Stagnelius egendomliga tankev\u00e4rld. Under ledning av\u00a0<a class=\"profileLink\" href=\"https:\/\/www.facebook.com\/lena.hellstromfarnlof?fref=mentions\" data-hovercard=\"\/ajax\/hovercard\/user.php?id=528661880&amp;extragetparams=%7B%22fref%22%3A%22mentions%22%7D\" data-hovercard-prefer-more-content-show=\"1\">Lena Hellstr\u00f6m-F\u00e4rnl\u00f6f<\/a>\u00a0har Musik- och Operah\u00f6gskolan vid M\u00e4lardalens h\u00f6gskola tillsammans med Vadstena-Akademien, V\u00e4stmanlands Teater satt upp dramat som opera med nyskriven musik av\u00a0<a class=\"profileLink\" href=\"https:\/\/www.facebook.com\/CarlUnanderScharin?fref=mentions\" data-hovercard=\"\/ajax\/hovercard\/user.php?id=615933381&amp;extragetparams=%7B%22fref%22%3A%22mentions%22%7D\" data-hovercard-prefer-more-content-show=\"1\">Carl Unander-Scharin<\/a>. Det \u00e4r studenter fr\u00e5n h\u00f6gskolan som framf\u00f6r operan, b\u00e5de musikerna i orkestern och s\u00e5ngarna p\u00e5 scenen.<\/em><\/p>\n<p><em>Tv\u00e5 f\u00f6rest\u00e4llningar har getts p\u00e5 teatern i V\u00e4ster\u00e5s, men jag tog tillf\u00e4llet i akt att se den tredje och sista f\u00f6rest\u00e4llningen p\u00e5 Gamla Teatern i Vadstena. Den gamla teatern som invigdes ungef\u00e4r samtidigt som Stagnelius skrev &#8221;Riddartornet&#8221; passar operan utm\u00e4rkt eftersom det var en scen av det slaget Stagnelius t\u00e4nkte sig att dramat skulle spelas p\u00e5.<\/em><\/p>\n<p><em><a class=\"profileLink\" href=\"https:\/\/www.facebook.com\/rebecca.hellbom?fref=mentions\" data-hovercard=\"\/ajax\/hovercard\/user.php?id=672587014&amp;extragetparams=%7B%22fref%22%3A%22mentions%22%7D\" data-hovercard-prefer-more-content-show=\"1\">Rebecca Hellbom<\/a>,\u00a0<a class=\"profileLink\" href=\"https:\/\/www.facebook.com\/amelie.flink?fref=mentions\" data-hovercard=\"\/ajax\/hovercard\/user.php?id=578426026&amp;extragetparams=%7B%22fref%22%3A%22mentions%22%7D\" data-hovercard-prefer-more-content-show=\"1\">Amelie Flink<\/a>,\u00a0<a class=\"profileLink\" href=\"https:\/\/www.facebook.com\/viktor.johansson.73700?fref=mentions\" data-hovercard=\"\/ajax\/hovercard\/user.php?id=566234723&amp;extragetparams=%7B%22fref%22%3A%22mentions%22%7D\" data-hovercard-prefer-more-content-show=\"1\">Viktor Johansson<\/a>\u00a0och\u00a0<a class=\"profileLink\" href=\"https:\/\/www.facebook.com\/frida.bergquist.9?fref=mentions\" data-hovercard=\"\/ajax\/hovercard\/user.php?id=565196133&amp;extragetparams=%7B%22fref%22%3A%22mentions%22%7D\" data-hovercard-prefer-more-content-show=\"1\">Frida Bergquist<\/a>\u00a0var f\u00f6rst\u00e5s helt str\u00e5lande i huvudrollerna. Det \u00e4r i V\u00e4ster\u00e5s vi finner framtidens stora operas\u00e5ngare.&#8221;<\/em><\/p>\n<\/div>\n<p>Tack Erik!<\/p>\n<figure id=\"attachment_556\" aria-describedby=\"caption-attachment-556\" style=\"width: 300px\" class=\"wp-caption alignnone\"><img loading=\"lazy\" decoding=\"async\" class=\"size-medium wp-image-556\" src=\"http:\/\/lenahf.se\/wp-content\/uploads\/2018\/07\/erik-jersenius-1-300x225.jpg\" alt=\"\" width=\"300\" height=\"225\" srcset=\"https:\/\/lenahf.se\/wp-content\/uploads\/2018\/07\/erik-jersenius-1-300x225.jpg 300w, https:\/\/lenahf.se\/wp-content\/uploads\/2018\/07\/erik-jersenius-1-768x576.jpg 768w, https:\/\/lenahf.se\/wp-content\/uploads\/2018\/07\/erik-jersenius-1.jpg 960w\" sizes=\"auto, (max-width: 300px) 100vw, 300px\" \/><figcaption id=\"caption-attachment-556\" class=\"wp-caption-text\">Foto Erik Jersenius<\/figcaption><\/figure>\n<p>&nbsp;<\/p>\n<p>Om Lena Helltr\u00f6m-F\u00e4rnl\u00f6f, en av Sveriges fr\u00e4msta s\u00e5ngpedagoger:<\/p>\n<p><em>Utbildad vid Operah\u00f6gskolan i Stockholm och Musikh\u00f6gskolan i G\u00f6teborg. Sjungit allt ifr\u00e5n tidig medeltidsmusik till ultramodern nyskriven i sm\u00e5 och stora konstellationer, opera, barnopera, kammarmusik, solist med orkestrar, solist i sakrala verk b\u00e5de i Sverige och utomlands.<\/em><\/p>\n<p><em>Efter m\u00e5nga \u00e5r i branschen, f\u00f6rst som student, sedan ute p\u00e5 f\u00e4ltet som konsert- och operas\u00e5ngerska \u00e4gnar sig Lena nu sig exklusivt \u00e5t s\u00e5ngundervisning.<\/em><\/p>\n<p><em>Professor\u00a0 och excellent teacher, undervisar professionella s\u00e5ngare och studenter i alla r\u00f6stfack, ger regelbundet masterclasses nationellt och internationellt.<\/em><\/p>\n<p><em>Agerar ofta sakkunnig i jurys och \u00e4r artistisk r\u00e5dgivare i agenturen Good Company.<\/em><\/p>\n<p><em>Lena\u00a0 \u00e4r en uppskattad konferenci\u00e4r i konsert och operasammanhang.\u00a0<\/em><\/p>\n","protected":false},"excerpt":{"rendered":"<p>9 juli 2018. Erik Jersenius skrev p\u00e5 sin Facebook om Riddartornet: &#8221;Link\u00f6pingsfilosofen Jan Willner har en g\u00e5ng sagt att Platons filosofi och verklighetsuppfattning b\u00e4st f\u00f6rst\u00e5s genom att l\u00e4sa Erik Johan Stagnelius poesi, i hans ord om hur v\u00e5ra arma sj\u00e4lar, tr\u00e5nande efter Gud, h\u00e5lls f\u00e5ngna i materiens bojor. Stagnelius, den svenska romantikens stora geni, ger [&hellip;]<\/p>\n","protected":false},"author":1,"featured_media":555,"comment_status":"closed","ping_status":"open","sticky":false,"template":"","format":"standard","meta":{"footnotes":""},"categories":[1],"tags":[],"class_list":["post-553","post","type-post","status-publish","format-standard","has-post-thumbnail","hentry","category-uncategorized"],"_links":{"self":[{"href":"https:\/\/lenahf.se\/index.php\/wp-json\/wp\/v2\/posts\/553","targetHints":{"allow":["GET"]}}],"collection":[{"href":"https:\/\/lenahf.se\/index.php\/wp-json\/wp\/v2\/posts"}],"about":[{"href":"https:\/\/lenahf.se\/index.php\/wp-json\/wp\/v2\/types\/post"}],"author":[{"embeddable":true,"href":"https:\/\/lenahf.se\/index.php\/wp-json\/wp\/v2\/users\/1"}],"replies":[{"embeddable":true,"href":"https:\/\/lenahf.se\/index.php\/wp-json\/wp\/v2\/comments?post=553"}],"version-history":[{"count":1,"href":"https:\/\/lenahf.se\/index.php\/wp-json\/wp\/v2\/posts\/553\/revisions"}],"predecessor-version":[{"id":557,"href":"https:\/\/lenahf.se\/index.php\/wp-json\/wp\/v2\/posts\/553\/revisions\/557"}],"wp:featuredmedia":[{"embeddable":true,"href":"https:\/\/lenahf.se\/index.php\/wp-json\/wp\/v2\/media\/555"}],"wp:attachment":[{"href":"https:\/\/lenahf.se\/index.php\/wp-json\/wp\/v2\/media?parent=553"}],"wp:term":[{"taxonomy":"category","embeddable":true,"href":"https:\/\/lenahf.se\/index.php\/wp-json\/wp\/v2\/categories?post=553"},{"taxonomy":"post_tag","embeddable":true,"href":"https:\/\/lenahf.se\/index.php\/wp-json\/wp\/v2\/tags?post=553"}],"curies":[{"name":"wp","href":"https:\/\/api.w.org\/{rel}","templated":true}]}}