{"id":586,"date":"2018-06-03T23:27:10","date_gmt":"2018-06-03T23:27:10","guid":{"rendered":"http:\/\/lenahf.se\/?p=586"},"modified":"2019-01-14T09:38:56","modified_gmt":"2019-01-14T09:38:56","slug":"586","status":"publish","type":"post","link":"https:\/\/lenahf.se\/index.php\/2018\/06\/03\/586\/","title":{"rendered":"Tack V\u00e4ster\u00e5s Sinfonietta och dirigentklassen p\u00e5 KMH"},"content":{"rendered":"<p>3 juni 2018.<\/p>\n<p><a href=\"https:\/\/www.facebook.com\/566234723\/posts\/10156021807599724\/\" target=\"_blank\" rel=\"noopener\">Viktor Johansson Facebook<\/a>:<\/p>\n<p>&#8221;Tack V\u00e4ster\u00e5s Sinfonietta och dirigentklassen p\u00e5 KMH f\u00f6r ett fint samarbete med oss i Operaklassen p\u00e5 Musik och Operah\u00f6gskolan vid M\u00e4lardalens H\u00f6gskola!&#8221;<\/p>\n<p><iframe loading=\"lazy\" style=\"border: none; overflow: hidden;\" src=\"https:\/\/www.facebook.com\/plugins\/video.php?href=https%3A%2F%2Fwww.facebook.com%2Fviktor.johansson.73700%2Fvideos%2F10156021777129724%2F&amp;show_text=0&amp;width=560\" width=\"560\" height=\"315\" frameborder=\"0\" scrolling=\"no\" allowfullscreen=\"allowfullscreen\"><\/iframe><\/p>\n<p><img loading=\"lazy\" decoding=\"async\" class=\"alignnone size-medium wp-image-588\" src=\"http:\/\/lenahf.se\/wp-content\/uploads\/2019\/01\/34214370_10156021805874724_9024848099993976832_o-300x165.jpg\" alt=\"\" width=\"300\" height=\"165\" srcset=\"https:\/\/lenahf.se\/wp-content\/uploads\/2019\/01\/34214370_10156021805874724_9024848099993976832_o-300x165.jpg 300w, https:\/\/lenahf.se\/wp-content\/uploads\/2019\/01\/34214370_10156021805874724_9024848099993976832_o-768x423.jpg 768w, https:\/\/lenahf.se\/wp-content\/uploads\/2019\/01\/34214370_10156021805874724_9024848099993976832_o-1024x564.jpg 1024w, https:\/\/lenahf.se\/wp-content\/uploads\/2019\/01\/34214370_10156021805874724_9024848099993976832_o.jpg 1689w\" sizes=\"auto, (max-width: 300px) 100vw, 300px\" \/><\/p>\n<p>&nbsp;<\/p>\n<p>&nbsp;<\/p>\n<p><em>Om Lena Helltr\u00f6m-F\u00e4rnl\u00f6f, e<\/em><em>n av Sveriges fr\u00e4msta s\u00e5ngpedagoger<\/em><\/p>\n<p><em>Utbildad vid Operah\u00f6gskolan i Stockholm och Musikh\u00f6gskolan i G\u00f6teborg. Sjungit allt ifr\u00e5n tidig medeltidsmusik till ultramodern nyskriven i sm\u00e5 och stora konstellationer, opera, barnopera, kammarmusik, solist med orkestrar, solist i sakrala verk b\u00e5de i Sverige och utomlands.<\/em><\/p>\n<p><em>Efter m\u00e5nga \u00e5r i branschen, f\u00f6rst som student, sedan ute p\u00e5 f\u00e4ltet som konsert- och operas\u00e5ngerska \u00e4gnar sig Lena nu sig exklusivt \u00e5t s\u00e5ngundervisning.<\/em><\/p>\n<p><em>Professor\u00a0 och excellent teacher, undervisar professionella s\u00e5ngare och studenter i alla r\u00f6stfack, ger regelbundet masterclasses nationellt och internationellt.<\/em><\/p>\n<p><em>Agerar ofta sakkunnig i jurys och \u00e4r artistisk r\u00e5dgivare i agenturen Good Company.<\/em><\/p>\n<p><em>Lena\u00a0 \u00e4r en uppskattad konferenci\u00e4r i konsert och operasammanhang. Och att l\u00e4gga foto Gala mars 2017 l\u00e4ngst ned.<\/em><\/p>\n","protected":false},"excerpt":{"rendered":"<p>3 juni 2018. Viktor Johansson Facebook: &#8221;Tack V\u00e4ster\u00e5s Sinfonietta och dirigentklassen p\u00e5 KMH f\u00f6r ett fint samarbete med oss i Operaklassen p\u00e5 Musik och Operah\u00f6gskolan vid M\u00e4lardalens H\u00f6gskola!&#8221; &nbsp; &nbsp; Om Lena Helltr\u00f6m-F\u00e4rnl\u00f6f, en av Sveriges fr\u00e4msta s\u00e5ngpedagoger Utbildad vid Operah\u00f6gskolan i Stockholm och Musikh\u00f6gskolan i G\u00f6teborg. Sjungit allt ifr\u00e5n tidig medeltidsmusik till ultramodern nyskriven [&hellip;]<\/p>\n","protected":false},"author":1,"featured_media":587,"comment_status":"closed","ping_status":"open","sticky":false,"template":"","format":"standard","meta":{"footnotes":""},"categories":[1],"tags":[],"class_list":["post-586","post","type-post","status-publish","format-standard","has-post-thumbnail","hentry","category-uncategorized"],"_links":{"self":[{"href":"https:\/\/lenahf.se\/index.php\/wp-json\/wp\/v2\/posts\/586","targetHints":{"allow":["GET"]}}],"collection":[{"href":"https:\/\/lenahf.se\/index.php\/wp-json\/wp\/v2\/posts"}],"about":[{"href":"https:\/\/lenahf.se\/index.php\/wp-json\/wp\/v2\/types\/post"}],"author":[{"embeddable":true,"href":"https:\/\/lenahf.se\/index.php\/wp-json\/wp\/v2\/users\/1"}],"replies":[{"embeddable":true,"href":"https:\/\/lenahf.se\/index.php\/wp-json\/wp\/v2\/comments?post=586"}],"version-history":[{"count":1,"href":"https:\/\/lenahf.se\/index.php\/wp-json\/wp\/v2\/posts\/586\/revisions"}],"predecessor-version":[{"id":589,"href":"https:\/\/lenahf.se\/index.php\/wp-json\/wp\/v2\/posts\/586\/revisions\/589"}],"wp:featuredmedia":[{"embeddable":true,"href":"https:\/\/lenahf.se\/index.php\/wp-json\/wp\/v2\/media\/587"}],"wp:attachment":[{"href":"https:\/\/lenahf.se\/index.php\/wp-json\/wp\/v2\/media?parent=586"}],"wp:term":[{"taxonomy":"category","embeddable":true,"href":"https:\/\/lenahf.se\/index.php\/wp-json\/wp\/v2\/categories?post=586"},{"taxonomy":"post_tag","embeddable":true,"href":"https:\/\/lenahf.se\/index.php\/wp-json\/wp\/v2\/tags?post=586"}],"curies":[{"name":"wp","href":"https:\/\/api.w.org\/{rel}","templated":true}]}}