{"id":613,"date":"2018-06-12T23:01:20","date_gmt":"2018-06-12T23:01:20","guid":{"rendered":"http:\/\/lenahf.se\/?p=613"},"modified":"2019-03-03T13:34:25","modified_gmt":"2019-03-03T13:34:25","slug":"613","status":"publish","type":"post","link":"https:\/\/lenahf.se\/index.php\/2018\/06\/12\/613\/","title":{"rendered":"Ann                                         Cederberg"},"content":{"rendered":"<p>Tack Ann f\u00f6r ditt medellande p\u00e5 Facebook :<\/p>\n<p class=\"x_MsoNormal\"><b><a href=\"https:\/\/www.facebook.com\/ann.cederberg.9?__tn__=%2CdlC-R-R&amp;eid=ARB1_f_FhtxeoRKjRK9qdbrnA-8NaSEBnmhm3AkQzaWkJSvOi7sR6vICfc1j_a8pTcPbvbV7OXtt0BBt&amp;hc_ref=ARTlAFj6WLyz0gMLqGSek5I2V-oDh3t4lwt-CnyoTx45r5qrwkq2DWQY9b2TcoS8Rs4\" target=\"_blank\" rel=\"noopener noreferrer\" data-auth=\"NotApplicable\">Ann Cederberg<\/a><\/b>: &#8221;Har just avnjutit veckans andra urpremi\u00e4r. Nu operan Riddartornet med fantastiska studenter fr\u00e5n Musik- och operah\u00f6gskolan vid M\u00e4lardalens h\u00f6gskola. Tack fenomenala\u00a0<a href=\"https:\/\/www.facebook.com\/lena.hellstromfarnlof?__tn__=%2CdK-R-R&amp;eid=ARA9yUR_2sox5hOcjOiJ5LXg4rs4fol36DzyQw2jXr-jJgOOtwpjwzLGYhYp8TfQ-YH2TLP9SzrPU7vU&amp;fref=mentions\" target=\"_blank\" rel=\"noopener noreferrer\" data-auth=\"NotApplicable\">Lena Hellstr\u00f6m-F\u00e4rnl\u00f6f<\/a>\u00a0Rektor\u00a0<a href=\"https:\/\/www.facebook.com\/paupet?__tn__=%2CdK-R-R&amp;eid=ARBxIyn-1Xmk5Ksg3KHYpNexIt2VFQCK5w9fmN90tZDPQYcgEsWuyNXcWWpwalMir3HWS7sjoP52nUno&amp;fref=mentions\" target=\"_blank\" rel=\"noopener noreferrer\" data-auth=\"NotApplicable\">Paul Pettersson<\/a>och regiss\u00f6r Nils Spangenberg inledde.<\/p>\n<p class=\"x_MsoNormal\">Och v\u00e4nner i \u00d6sterg\u00f6tland, missa inte f\u00f6rest\u00e4llningen n\u00e4r den ges p\u00e5 Vadstena-akademien&#8221;<\/p>\n<p>&nbsp;<\/p>\n<p>Om Lena Helltr\u00f6m-F\u00e4rnl\u00f6f, en av Sveriges fr\u00e4msta s\u00e5ngpedagoger:<\/p>\n<p><em>Utbildad vid Operah\u00f6gskolan i Stockholm och Musikh\u00f6gskolan i G\u00f6teborg. Sjungit allt ifr\u00e5n tidig medeltidsmusik till ultramodern nyskriven i sm\u00e5 och stora konstellationer, opera, barnopera, kammarmusik, solist med orkestrar, solist i sakrala verk b\u00e5de i Sverige och utomlands.<\/em><\/p>\n<p><em>Efter m\u00e5nga \u00e5r i branschen, f\u00f6rst som student, sedan ute p\u00e5 f\u00e4ltet som konsert- och operas\u00e5ngerska \u00e4gnar sig Lena nu sig exklusivt \u00e5t s\u00e5ngundervisning.<\/em><\/p>\n<p><em>Professor\u00a0 och excellent teacher, undervisar professionella s\u00e5ngare och studenter i alla r\u00f6stfack, ger regelbundet masterclasses nationellt och internationellt.<\/em><\/p>\n<p><em>Agerar ofta sakkunnig i jurys och \u00e4r artistisk r\u00e5dgivare i agenturen Good Company.<\/em><\/p>\n<p><em>Lena\u00a0 \u00e4r en uppskattad konferenci\u00e4r i konsert och operasammanhang.\u00a0<\/em><\/p>\n<p>&nbsp;<\/p>\n","protected":false},"excerpt":{"rendered":"<p>Tack Ann f\u00f6r ditt medellande p\u00e5 Facebook : Ann Cederberg: &#8221;Har just avnjutit veckans andra urpremi\u00e4r. Nu operan Riddartornet med fantastiska studenter fr\u00e5n Musik- och operah\u00f6gskolan vid M\u00e4lardalens h\u00f6gskola. Tack fenomenala\u00a0Lena Hellstr\u00f6m-F\u00e4rnl\u00f6f\u00a0Rektor\u00a0Paul Petterssonoch regiss\u00f6r Nils Spangenberg inledde. Och v\u00e4nner i \u00d6sterg\u00f6tland, missa inte f\u00f6rest\u00e4llningen n\u00e4r den ges p\u00e5 Vadstena-akademien&#8221; &nbsp; Om Lena Helltr\u00f6m-F\u00e4rnl\u00f6f, en av [&hellip;]<\/p>\n","protected":false},"author":1,"featured_media":615,"comment_status":"closed","ping_status":"open","sticky":false,"template":"","format":"standard","meta":{"footnotes":""},"categories":[1],"tags":[],"class_list":["post-613","post","type-post","status-publish","format-standard","has-post-thumbnail","hentry","category-uncategorized"],"_links":{"self":[{"href":"https:\/\/lenahf.se\/index.php\/wp-json\/wp\/v2\/posts\/613","targetHints":{"allow":["GET"]}}],"collection":[{"href":"https:\/\/lenahf.se\/index.php\/wp-json\/wp\/v2\/posts"}],"about":[{"href":"https:\/\/lenahf.se\/index.php\/wp-json\/wp\/v2\/types\/post"}],"author":[{"embeddable":true,"href":"https:\/\/lenahf.se\/index.php\/wp-json\/wp\/v2\/users\/1"}],"replies":[{"embeddable":true,"href":"https:\/\/lenahf.se\/index.php\/wp-json\/wp\/v2\/comments?post=613"}],"version-history":[{"count":2,"href":"https:\/\/lenahf.se\/index.php\/wp-json\/wp\/v2\/posts\/613\/revisions"}],"predecessor-version":[{"id":624,"href":"https:\/\/lenahf.se\/index.php\/wp-json\/wp\/v2\/posts\/613\/revisions\/624"}],"wp:featuredmedia":[{"embeddable":true,"href":"https:\/\/lenahf.se\/index.php\/wp-json\/wp\/v2\/media\/615"}],"wp:attachment":[{"href":"https:\/\/lenahf.se\/index.php\/wp-json\/wp\/v2\/media?parent=613"}],"wp:term":[{"taxonomy":"category","embeddable":true,"href":"https:\/\/lenahf.se\/index.php\/wp-json\/wp\/v2\/categories?post=613"},{"taxonomy":"post_tag","embeddable":true,"href":"https:\/\/lenahf.se\/index.php\/wp-json\/wp\/v2\/tags?post=613"}],"curies":[{"name":"wp","href":"https:\/\/api.w.org\/{rel}","templated":true}]}}