{"id":637,"date":"2019-03-25T08:23:56","date_gmt":"2019-03-25T08:23:56","guid":{"rendered":"http:\/\/lenahf.se\/?p=637"},"modified":"2019-04-08T09:50:21","modified_gmt":"2019-04-08T09:50:21","slug":"musik-och-operahogskolan","status":"publish","type":"post","link":"https:\/\/lenahf.se\/index.php\/2019\/03\/25\/musik-och-operahogskolan\/","title":{"rendered":"V\u00e4ster\u00e5s konserthus                      Galakonsert"},"content":{"rendered":"<div id=\"js_f0\" class=\"_5pbx userContent _3576\" data-ft=\"{&quot;tn&quot;:&quot;K&quot;}\">\n<div id=\"js_6\" class=\"_5pbx userContent _3576\" data-ft=\"{&quot;tn&quot;:&quot;K&quot;}\">\n<p>25 mars 2019.<\/p>\n<p><a href=\"https:\/\/www.facebook.com\/staffan.sandstrom.3?__tn__=lC-R&amp;eid=ARB5aFrRjxd81viL2mpmRcHQzpT1X8nwwkzs-4LL-kMdq-2ckblaWFPArMHsdVjMNnWMneDOwBL0WJOw&amp;hc_ref=ARRlMJD64goN9H5KWtuM4I9hfA0PiQjzkDlBoE_7DcUn8hpAhCL5p3eX-nveVEsafGo&amp;__xts__[0]=68.ARAO83l1hFex_sB2jEh1WEjWytSMexS56X1SJOUBJGd4CvXJ3ByRf8Z_V6Xy1DX5fDaVQXwFHQmyVBFasDt9qxQWOgwQlvV1iG1r6chpmeTD9vvHr5_C-XOiDJya7T2p9ib82mkHo6lY2fOcRPFZp9CCHsRp7sknt6DXK1VbsjytAW0GUtJlvXBNQwtjmA5TAgMBE1ppFTqD2eIwrvqA_yExb-0yKhjRRpi6doa77JBm86kVMh_b073NeC6fBQ14aEghmG092jBOFE0lNZ5jqE2o9g\" target=\"_blank\" rel=\"noopener\">Staffan Sandstr\u00f6m Facebook: <\/a><\/p>\n<\/div>\n<p>M\u00e4lardalens orkesterakademi gjorde ig\u00e5r bejublad debut med stor Galakonsert i V\u00e4ster\u00e5s konserthus. Stort tack till v\u00e5r samverkanspartner V\u00e4stmanlandsmusiken, dirigent\u00a0<a class=\"profileLink\" href=\"https:\/\/www.facebook.com\/simon.crawfordphillips?__tn__=K-R&amp;eid=ARCC8646gZuue9ua8eg9l8Gceppwgj2uNzOwlZOUCspANliYjDgWbghgGv1bFHIJvs_cqyrmE05bxTbG&amp;fref=mentions&amp;__xts__%5B0%5D=68.ARB2DMYuBkqYM8s6klWhniQN-pNanlpJs37sw6HNHUAPbYD9TR3n0jkHHLQV-EbHkGnkiuRzBsCinDkitcAslMED5OtloFeXgXeQFKwSuRZAeVzZz524Ibof-mVnKtA07JSLF5VwUm1_RFm0tZT0Wn3ZfE8N1X32FYrGUEqdhxcoZw9E2wI8x-LV1yAdXLCpI1yaFf3uR1156KQ4tBqpAFUJSjXm2gULrCXIibww_M0_oxuKAPm0VTrGvop3z_opYyG_isHD5c-UU1M71_JVhHBa-w\" data-hovercard=\"\/ajax\/hovercard\/user.php?id=709957609&amp;extragetparams=%7B%22__tn__%22%3A%22%2CdK-R-R%22%2C%22eid%22%3A%22ARCC8646gZuue9ua8eg9l8Gceppwgj2uNzOwlZOUCspANliYjDgWbghgGv1bFHIJvs_cqyrmE05bxTbG%22%2C%22fref%22%3A%22mentions%22%7D\" data-hovercard-prefer-more-content-show=\"1\">Simon Crawford-Phillips<\/a>, konsertm\u00e4stare\u00a0<a class=\"profileLink\" href=\"https:\/\/www.facebook.com\/bartosz.cajler?__tn__=K-R&amp;eid=ARAoZDGqCWps-UWKSb9ylqJIOYhc-SPLUWzszeqnWjaHuOcBCsAzyLRvftgZjINlYWqgd1O25tbgTGUt&amp;fref=mentions&amp;__xts__%5B0%5D=68.ARB2DMYuBkqYM8s6klWhniQN-pNanlpJs37sw6HNHUAPbYD9TR3n0jkHHLQV-EbHkGnkiuRzBsCinDkitcAslMED5OtloFeXgXeQFKwSuRZAeVzZz524Ibof-mVnKtA07JSLF5VwUm1_RFm0tZT0Wn3ZfE8N1X32FYrGUEqdhxcoZw9E2wI8x-LV1yAdXLCpI1yaFf3uR1156KQ4tBqpAFUJSjXm2gULrCXIibww_M0_oxuKAPm0VTrGvop3z_opYyG_isHD5c-UU1M71_JVhHBa-w\" data-hovercard=\"\/ajax\/hovercard\/user.php?id=589877866&amp;extragetparams=%7B%22__tn__%22%3A%22%2CdK-R-R%22%2C%22eid%22%3A%22ARAoZDGqCWps-UWKSb9ylqJIOYhc-SPLUWzszeqnWjaHuOcBCsAzyLRvftgZjINlYWqgd1O25tbgTGUt%22%2C%22fref%22%3A%22mentions%22%7D\" data-hovercard-prefer-more-content-show=\"1\">Bartosz Cajler<\/a>, medverkande studenter &#8211; solister och orkester- och l\u00e4rare f\u00f6r fantastisk konsert med musik av R. Schumann, L.v. Beethoven, G. Bizet och J. Strauss d.y.! Sist men absolut inte minst vill jag tacka b\u00e4sta kollegan\u00a0<a class=\"profileLink\" href=\"https:\/\/www.facebook.com\/lena.hellstromfarnlof?__tn__=K-R&amp;eid=ARCEf4q7euuA_Ugzm3wiF_h-YW3CIvKC8ethkTRKUM0IrPf8Xo-93I0uhdbHwgUEe4Z6y1THlXLGVfN_&amp;fref=mentions&amp;__xts__%5B0%5D=68.ARB2DMYuBkqYM8s6klWhniQN-pNanlpJs37sw6HNHUAPbYD9TR3n0jkHHLQV-EbHkGnkiuRzBsCinDkitcAslMED5OtloFeXgXeQFKwSuRZAeVzZz524Ibof-mVnKtA07JSLF5VwUm1_RFm0tZT0Wn3ZfE8N1X32FYrGUEqdhxcoZw9E2wI8x-LV1yAdXLCpI1yaFf3uR1156KQ4tBqpAFUJSjXm2gULrCXIibww_M0_oxuKAPm0VTrGvop3z_opYyG_isHD5c-UU1M71_JVhHBa-w\" data-hovercard=\"\/ajax\/hovercard\/user.php?id=528661880&amp;extragetparams=%7B%22__tn__%22%3A%22%2CdK-R-R%22%2C%22eid%22%3A%22ARCEf4q7euuA_Ugzm3wiF_h-YW3CIvKC8ethkTRKUM0IrPf8Xo-93I0uhdbHwgUEe4Z6y1THlXLGVfN_%22%2C%22fref%22%3A%22mentions%22%7D\" data-hovercard-prefer-more-content-show=\"1\">Lena Hellstr\u00f6m-F\u00e4rnl\u00f6f<\/a>\u00a0som i rollen av konstn\u00e4rlig ledare har varit drivande i projektet, s\u00e5 mycket personligt engagemang med tid och energi f\u00f6r att ro i land detta, allt ifr\u00e5n uppstart till slutproduktion med de m\u00e5nga otaliga trappstegen d\u00e4remellan. Man k\u00e4nner sig onekligen stolt att ha f\u00f6rm\u00e5nen att jobba p\u00e5 Musik- och operah\u00f6gskolan vid M\u00e4lardalens h\u00f6gskola!<\/p>\n<p><img loading=\"lazy\" decoding=\"async\" class=\"alignnone wp-image-638\" src=\"http:\/\/lenahf.se\/wp-content\/uploads\/2019\/04\/lenaA-300x225.jpg\" alt=\"\" width=\"376\" height=\"282\" srcset=\"https:\/\/lenahf.se\/wp-content\/uploads\/2019\/04\/lenaA-300x225.jpg 300w, https:\/\/lenahf.se\/wp-content\/uploads\/2019\/04\/lenaA-768x576.jpg 768w, https:\/\/lenahf.se\/wp-content\/uploads\/2019\/04\/lenaA-1024x768.jpg 1024w, https:\/\/lenahf.se\/wp-content\/uploads\/2019\/04\/lenaA-2000x1500.jpg 2000w, https:\/\/lenahf.se\/wp-content\/uploads\/2019\/04\/lenaA.jpg 2016w\" sizes=\"auto, (max-width: 376px) 100vw, 376px\" \/><\/p>\n<p>Om Lena Helltr\u00f6m-F\u00e4rnl\u00f6f, en av Sveriges fr\u00e4msta s\u00e5ngpedagoger:<\/p>\n<p><em>Utbildad vid Operah\u00f6gskolan i Stockholm och Musikh\u00f6gskolan i G\u00f6teborg. Sjungit allt ifr\u00e5n tidig medeltidsmusik till ultramodern nyskriven i sm\u00e5 och stora konstellationer, opera, barnopera, kammarmusik, solist med orkestrar, solist i sakrala verk b\u00e5de i Sverige och utomlands.<\/em><\/p>\n<p><em>Efter m\u00e5nga \u00e5r i branschen, f\u00f6rst som student, sedan ute p\u00e5 f\u00e4ltet som konsert- och operas\u00e5ngerska \u00e4gnar sig Lena nu sig exklusivt \u00e5t s\u00e5ngundervisning.<\/em><\/p>\n<p><em>Professor\u00a0 och excellent teacher, undervisar professionella s\u00e5ngare och studenter i alla r\u00f6stfack, ger regelbundet masterclasses nationellt och internationellt.<\/em><\/p>\n<p><em>Agerar ofta sakkunnig i jurys och \u00e4r artistisk r\u00e5dgivare i agenturen Good Company.<\/em><\/p>\n<p><em>Lena\u00a0 \u00e4r en uppskattad konferenci\u00e4r i konsert och operasammanhang.\u00a0<\/em><\/p>\n<div class=\"_3x-2\" data-ft=\"{&quot;tn&quot;:&quot;H&quot;}\"><\/div>\n<div data-ft=\"{&quot;tn&quot;:&quot;H&quot;}\"><\/div>\n<\/div>\n<div class=\"_3x-2\" data-ft=\"{&quot;tn&quot;:&quot;H&quot;}\"><\/div>\n","protected":false},"excerpt":{"rendered":"<p>25 mars 2019. Staffan Sandstr\u00f6m Facebook: M\u00e4lardalens orkesterakademi gjorde ig\u00e5r bejublad debut med stor Galakonsert i V\u00e4ster\u00e5s konserthus. Stort tack till v\u00e5r samverkanspartner V\u00e4stmanlandsmusiken, dirigent\u00a0Simon Crawford-Phillips, konsertm\u00e4stare\u00a0Bartosz Cajler, medverkande studenter &#8211; solister och orkester- och l\u00e4rare f\u00f6r fantastisk konsert med musik av R. Schumann, L.v. Beethoven, G. Bizet och J. Strauss d.y.! Sist men absolut [&hellip;]<\/p>\n","protected":false},"author":1,"featured_media":638,"comment_status":"closed","ping_status":"open","sticky":false,"template":"","format":"standard","meta":{"footnotes":""},"categories":[1],"tags":[],"class_list":["post-637","post","type-post","status-publish","format-standard","has-post-thumbnail","hentry","category-uncategorized"],"_links":{"self":[{"href":"https:\/\/lenahf.se\/index.php\/wp-json\/wp\/v2\/posts\/637","targetHints":{"allow":["GET"]}}],"collection":[{"href":"https:\/\/lenahf.se\/index.php\/wp-json\/wp\/v2\/posts"}],"about":[{"href":"https:\/\/lenahf.se\/index.php\/wp-json\/wp\/v2\/types\/post"}],"author":[{"embeddable":true,"href":"https:\/\/lenahf.se\/index.php\/wp-json\/wp\/v2\/users\/1"}],"replies":[{"embeddable":true,"href":"https:\/\/lenahf.se\/index.php\/wp-json\/wp\/v2\/comments?post=637"}],"version-history":[{"count":2,"href":"https:\/\/lenahf.se\/index.php\/wp-json\/wp\/v2\/posts\/637\/revisions"}],"predecessor-version":[{"id":651,"href":"https:\/\/lenahf.se\/index.php\/wp-json\/wp\/v2\/posts\/637\/revisions\/651"}],"wp:featuredmedia":[{"embeddable":true,"href":"https:\/\/lenahf.se\/index.php\/wp-json\/wp\/v2\/media\/638"}],"wp:attachment":[{"href":"https:\/\/lenahf.se\/index.php\/wp-json\/wp\/v2\/media?parent=637"}],"wp:term":[{"taxonomy":"category","embeddable":true,"href":"https:\/\/lenahf.se\/index.php\/wp-json\/wp\/v2\/categories?post=637"},{"taxonomy":"post_tag","embeddable":true,"href":"https:\/\/lenahf.se\/index.php\/wp-json\/wp\/v2\/tags?post=637"}],"curies":[{"name":"wp","href":"https:\/\/api.w.org\/{rel}","templated":true}]}}