{"id":656,"date":"2019-04-15T21:02:19","date_gmt":"2019-04-15T21:02:19","guid":{"rendered":"http:\/\/lenahf.se\/?p=656"},"modified":"2019-04-16T11:12:08","modified_gmt":"2019-04-16T11:12:08","slug":"erik-jersenius","status":"publish","type":"post","link":"https:\/\/lenahf.se\/index.php\/2019\/04\/15\/erik-jersenius\/","title":{"rendered":"Lena Hellstr\u00f6m-F\u00e4rnl\u00f6fs                         studenter"},"content":{"rendered":"<p>15 april 2019.<\/p>\n<p><a href=\"https:\/\/www.facebook.com\/erik.jersenius?__tn__=%2CdC-R-R&amp;eid=ARDrwaA-0GsJ_muTGUhCk5j_07q5ujHolzzfiIe6GnBARHHICcHV3y6wnlFzzSIykW2zz96T_1fDIhOo&amp;hc_ref=ARSu8MWb62Otn62syUYmMaanhr2-V7HUmaLbZjtHf1I_u69r_nwPjvRQZ6PSoiJB2Qc&amp;fref=nf\" target=\"_blank\" rel=\"noopener\">Erik Jersenius Facebook<\/a>:<\/p>\n<p>&#8221;Ig\u00e5r lj\u00f6d Bachs \u201dJohannespassionen\u201d i V\u00e4ster\u00e5s domkyrka och\u00a0<a class=\"profileLink\" href=\"https:\/\/www.facebook.com\/profile.php?id=100010356223576&amp;__tn__=%2CdK-R-R&amp;eid=ARBTcz84EtTrknHeFtiRN8kQiuNzKjQXg9IsdXOgCZX_IjXeCodqXd6Q6vd-PrZ6RN22-WU1AcFT9jwA&amp;fref=mentions\" data-hovercard=\"\/ajax\/hovercard\/user.php?id=100010356223576&amp;extragetparams=%7B%22__tn__%22%3A%22%2CdK-R-R%22%2C%22eid%22%3A%22ARBTcz84EtTrknHeFtiRN8kQiuNzKjQXg9IsdXOgCZX_IjXeCodqXd6Q6vd-PrZ6RN22-WU1AcFT9jwA%22%2C%22fref%22%3A%22mentions%22%7D\" data-hovercard-prefer-more-content-show=\"1\">Birgit Ahlberg-Hyse<\/a>\u00a0var d\u00e4r och lyssnade.<\/p>\n<p>S\u00e4rskilt uppm\u00e4rksammar hon\u00a0<a href=\"https:\/\/www.facebook.com\/lena.hellstromfarnlof\" target=\"_blank\" rel=\"noopener\">Lena Hellstr\u00f6m-F\u00e4rnl\u00f6fs<\/a> studenter p\u00e5 Musik- och operah\u00f6gskolan vid M\u00e4lardalens H\u00f6gskola. Love Bergman (tidigare student),\u00a0<a class=\"profileLink\" href=\"https:\/\/www.facebook.com\/alba.gutierrezmalmbom?__tn__=%2CdK-R-R&amp;eid=ARBEls0sCuM9Oa-2z46i_N8BkrwDbL-mvHJnaUUTufQ6tXvW4fH_P0OH4pMnwQ2TcnLga_QkvIQoKUMn&amp;fref=mentions\" data-hovercard=\"\/ajax\/hovercard\/user.php?id=100000111041429&amp;extragetparams=%7B%22__tn__%22%3A%22%2CdK-R-R%22%2C%22eid%22%3A%22ARBEls0sCuM9Oa-2z46i_N8BkrwDbL-mvHJnaUUTufQ6tXvW4fH_P0OH4pMnwQ2TcnLga_QkvIQoKUMn%22%2C%22fref%22%3A%22mentions%22%7D\" data-hovercard-prefer-more-content-show=\"1\">Alba Gutierrez Malmbom<\/a>\u00a0med flera.<\/p>\n<p><a href=\"https:\/\/www.vlt.se\/logga-in\/musik-och-operahogskolans-sangare-utmarkte-sig-nar-bachs-johannespassionen-ljod-i-domkyrkan\" target=\"_blank\" rel=\"noopener\">L\u00e4s recensionen h\u00e4r!<\/a>&#8221;<\/p>\n<p><em>(Bild \/ VLT)<\/em><\/p>\n<p>Om Lena Helltr\u00f6m-F\u00e4rnl\u00f6f, en av Sveriges fr\u00e4msta s\u00e5ngpedagoger:<\/p>\n<p><em>Utbildad vid Operah\u00f6gskolan i Stockholm och Musikh\u00f6gskolan i G\u00f6teborg. Sjungit allt ifr\u00e5n tidig medeltidsmusik till ultramodern nyskriven i sm\u00e5 och stora konstellationer, opera, barnopera, kammarmusik, solist med orkestrar, solist i sakrala verk b\u00e5de i Sverige och utomlands.<\/em><\/p>\n<p><em>Efter m\u00e5nga \u00e5r i branschen, f\u00f6rst som student, sedan ute p\u00e5 f\u00e4ltet som konsert- och operas\u00e5ngerska \u00e4gnar sig Lena nu sig exklusivt \u00e5t s\u00e5ngundervisning.<\/em><\/p>\n<p><em>Professor\u00a0 och excellent teacher, undervisar professionella s\u00e5ngare och studenter i alla r\u00f6stfack, ger regelbundet masterclasses nationellt och internationellt.<\/em><\/p>\n<p><em>Agerar ofta sakkunnig i jurys och \u00e4r artistisk r\u00e5dgivare i agenturen Good Company.<\/em><\/p>\n<p><em>Lena\u00a0 \u00e4r en uppskattad konferenci\u00e4r i konsert och operasammanhang.\u00a0<\/em><\/p>\n","protected":false},"excerpt":{"rendered":"<p>15 april 2019. Erik Jersenius Facebook: &#8221;Ig\u00e5r lj\u00f6d Bachs \u201dJohannespassionen\u201d i V\u00e4ster\u00e5s domkyrka och\u00a0Birgit Ahlberg-Hyse\u00a0var d\u00e4r och lyssnade. S\u00e4rskilt uppm\u00e4rksammar hon\u00a0Lena Hellstr\u00f6m-F\u00e4rnl\u00f6fs studenter p\u00e5 Musik- och operah\u00f6gskolan vid M\u00e4lardalens H\u00f6gskola. Love Bergman (tidigare student),\u00a0Alba Gutierrez Malmbom\u00a0med flera. L\u00e4s recensionen h\u00e4r!&#8221; (Bild \/ VLT) Om Lena Helltr\u00f6m-F\u00e4rnl\u00f6f, en av Sveriges fr\u00e4msta s\u00e5ngpedagoger: Utbildad vid Operah\u00f6gskolan i [&hellip;]<\/p>\n","protected":false},"author":1,"featured_media":657,"comment_status":"closed","ping_status":"open","sticky":false,"template":"","format":"standard","meta":{"footnotes":""},"categories":[1],"tags":[],"class_list":["post-656","post","type-post","status-publish","format-standard","has-post-thumbnail","hentry","category-uncategorized"],"_links":{"self":[{"href":"https:\/\/lenahf.se\/index.php\/wp-json\/wp\/v2\/posts\/656","targetHints":{"allow":["GET"]}}],"collection":[{"href":"https:\/\/lenahf.se\/index.php\/wp-json\/wp\/v2\/posts"}],"about":[{"href":"https:\/\/lenahf.se\/index.php\/wp-json\/wp\/v2\/types\/post"}],"author":[{"embeddable":true,"href":"https:\/\/lenahf.se\/index.php\/wp-json\/wp\/v2\/users\/1"}],"replies":[{"embeddable":true,"href":"https:\/\/lenahf.se\/index.php\/wp-json\/wp\/v2\/comments?post=656"}],"version-history":[{"count":2,"href":"https:\/\/lenahf.se\/index.php\/wp-json\/wp\/v2\/posts\/656\/revisions"}],"predecessor-version":[{"id":659,"href":"https:\/\/lenahf.se\/index.php\/wp-json\/wp\/v2\/posts\/656\/revisions\/659"}],"wp:featuredmedia":[{"embeddable":true,"href":"https:\/\/lenahf.se\/index.php\/wp-json\/wp\/v2\/media\/657"}],"wp:attachment":[{"href":"https:\/\/lenahf.se\/index.php\/wp-json\/wp\/v2\/media?parent=656"}],"wp:term":[{"taxonomy":"category","embeddable":true,"href":"https:\/\/lenahf.se\/index.php\/wp-json\/wp\/v2\/categories?post=656"},{"taxonomy":"post_tag","embeddable":true,"href":"https:\/\/lenahf.se\/index.php\/wp-json\/wp\/v2\/tags?post=656"}],"curies":[{"name":"wp","href":"https:\/\/api.w.org\/{rel}","templated":true}]}}