{"id":696,"date":"2019-06-21T12:28:57","date_gmt":"2019-06-21T12:28:57","guid":{"rendered":"http:\/\/lenahf.se\/?p=696"},"modified":"2019-09-17T12:36:03","modified_gmt":"2019-09-17T12:36:03","slug":"696","status":"publish","type":"post","link":"https:\/\/lenahf.se\/index.php\/2019\/06\/21\/696\/","title":{"rendered":"Mozarts opera                                Idomeneo"},"content":{"rendered":"<p>11 juni 2019.\u00a0 \u00a0 \u00a0Varmt v\u00e4lkomna till V\u00e4stmanlands teater torsdag 13 juni kl. 19.00 och l\u00f6rdag 15 juni kl. 16.00! S\u00e5ngare fr\u00e5n Kammaroperautbildningen p\u00e5 Musik- och operah\u00f6gskolan vid M\u00e4lardalens h\u00f6gskola ger en bearbetad version av Mozarts opera Idomeneo!<br \/>\nFri entr\u00e9!<br \/>\nFoto: Jonas Bilberg<\/p>\n<p><img loading=\"lazy\" decoding=\"async\" class=\"alignnone size-medium wp-image-697\" src=\"http:\/\/lenahf.se\/wp-content\/uploads\/2019\/09\/11juni-300x200.jpg\" alt=\"\" width=\"300\" height=\"200\" srcset=\"https:\/\/lenahf.se\/wp-content\/uploads\/2019\/09\/11juni-300x200.jpg 300w, https:\/\/lenahf.se\/wp-content\/uploads\/2019\/09\/11juni-768x512.jpg 768w, https:\/\/lenahf.se\/wp-content\/uploads\/2019\/09\/11juni.jpg 960w\" sizes=\"auto, (max-width: 300px) 100vw, 300px\" \/><\/p>\n<p><img loading=\"lazy\" decoding=\"async\" class=\"alignnone size-medium wp-image-698\" src=\"http:\/\/lenahf.se\/wp-content\/uploads\/2019\/09\/11juni1-300x200.jpg\" alt=\"\" width=\"300\" height=\"200\" srcset=\"https:\/\/lenahf.se\/wp-content\/uploads\/2019\/09\/11juni1-300x200.jpg 300w, https:\/\/lenahf.se\/wp-content\/uploads\/2019\/09\/11juni1-768x512.jpg 768w, https:\/\/lenahf.se\/wp-content\/uploads\/2019\/09\/11juni1.jpg 960w\" sizes=\"auto, (max-width: 300px) 100vw, 300px\" \/><\/p>\n<p><img loading=\"lazy\" decoding=\"async\" class=\"alignnone size-medium wp-image-700\" src=\"http:\/\/lenahf.se\/wp-content\/uploads\/2019\/09\/11juni3-300x200.jpg\" alt=\"\" width=\"300\" height=\"200\" srcset=\"https:\/\/lenahf.se\/wp-content\/uploads\/2019\/09\/11juni3-300x200.jpg 300w, https:\/\/lenahf.se\/wp-content\/uploads\/2019\/09\/11juni3-768x512.jpg 768w, https:\/\/lenahf.se\/wp-content\/uploads\/2019\/09\/11juni3.jpg 960w\" sizes=\"auto, (max-width: 300px) 100vw, 300px\" \/><\/p>\n<p>&#8217;<img loading=\"lazy\" decoding=\"async\" class=\"alignnone size-medium wp-image-702\" src=\"http:\/\/lenahf.se\/wp-content\/uploads\/2019\/09\/11juni5-300x169.jpg\" alt=\"\" width=\"300\" height=\"169\" srcset=\"https:\/\/lenahf.se\/wp-content\/uploads\/2019\/09\/11juni5-300x169.jpg 300w, https:\/\/lenahf.se\/wp-content\/uploads\/2019\/09\/11juni5-768x432.jpg 768w, https:\/\/lenahf.se\/wp-content\/uploads\/2019\/09\/11juni5.jpg 960w\" sizes=\"auto, (max-width: 300px) 100vw, 300px\" \/><\/p>\n<p><img loading=\"lazy\" decoding=\"async\" class=\"alignnone size-medium wp-image-701\" src=\"http:\/\/lenahf.se\/wp-content\/uploads\/2019\/09\/11juni4-300x200.jpg\" alt=\"\" width=\"300\" height=\"200\" srcset=\"https:\/\/lenahf.se\/wp-content\/uploads\/2019\/09\/11juni4-300x200.jpg 300w, https:\/\/lenahf.se\/wp-content\/uploads\/2019\/09\/11juni4-768x512.jpg 768w, https:\/\/lenahf.se\/wp-content\/uploads\/2019\/09\/11juni4.jpg 960w\" sizes=\"auto, (max-width: 300px) 100vw, 300px\" \/><\/p>\n<p>Om Lena Helltr\u00f6m-F\u00e4rnl\u00f6f, en av Sveriges fr\u00e4msta s\u00e5ngpedagoger:<\/p>\n<p><em>Utbildad vid Operah\u00f6gskolan i Stockholm och Musikh\u00f6gskolan i G\u00f6teborg. Sjungit allt ifr\u00e5n tidig medeltidsmusik till ultramodern nyskriven i sm\u00e5 och stora konstellationer, opera, barnopera, kammarmusik, solist med orkestrar, solist i sakrala verk b\u00e5de i Sverige och utomlands.<\/em><\/p>\n<p><em>Efter m\u00e5nga \u00e5r i branschen, f\u00f6rst som student, sedan ute p\u00e5 f\u00e4ltet som konsert- och operas\u00e5ngerska \u00e4gnar sig Lena nu sig exklusivt \u00e5t s\u00e5ngundervisning.<\/em><\/p>\n<p><em>Professor\u00a0 och excellent teacher, undervisar professionella s\u00e5ngare och studenter i alla r\u00f6stfack, ger regelbundet masterclasses nationellt och internationellt.<\/em><\/p>\n<p><em>Agerar ofta sakkunnig i jurys och \u00e4r artistisk r\u00e5dgivare i agenturen Good Company.<\/em><\/p>\n<p><em>Lena\u00a0 \u00e4r en uppskattad konferenci\u00e4r i konsert och operasammanhang.\u00a0<\/em><\/p>\n","protected":false},"excerpt":{"rendered":"<p>11 juni 2019.\u00a0 \u00a0 \u00a0Varmt v\u00e4lkomna till V\u00e4stmanlands teater torsdag 13 juni kl. 19.00 och l\u00f6rdag 15 juni kl. 16.00! S\u00e5ngare fr\u00e5n Kammaroperautbildningen p\u00e5 Musik- och operah\u00f6gskolan vid M\u00e4lardalens h\u00f6gskola ger en bearbetad version av Mozarts opera Idomeneo! Fri entr\u00e9! Foto: Jonas Bilberg &#8217; Om Lena Helltr\u00f6m-F\u00e4rnl\u00f6f, en av Sveriges fr\u00e4msta s\u00e5ngpedagoger: Utbildad vid Operah\u00f6gskolan [&hellip;]<\/p>\n","protected":false},"author":1,"featured_media":699,"comment_status":"closed","ping_status":"open","sticky":false,"template":"","format":"standard","meta":{"footnotes":""},"categories":[1],"tags":[],"class_list":["post-696","post","type-post","status-publish","format-standard","has-post-thumbnail","hentry","category-uncategorized"],"_links":{"self":[{"href":"https:\/\/lenahf.se\/index.php\/wp-json\/wp\/v2\/posts\/696","targetHints":{"allow":["GET"]}}],"collection":[{"href":"https:\/\/lenahf.se\/index.php\/wp-json\/wp\/v2\/posts"}],"about":[{"href":"https:\/\/lenahf.se\/index.php\/wp-json\/wp\/v2\/types\/post"}],"author":[{"embeddable":true,"href":"https:\/\/lenahf.se\/index.php\/wp-json\/wp\/v2\/users\/1"}],"replies":[{"embeddable":true,"href":"https:\/\/lenahf.se\/index.php\/wp-json\/wp\/v2\/comments?post=696"}],"version-history":[{"count":2,"href":"https:\/\/lenahf.se\/index.php\/wp-json\/wp\/v2\/posts\/696\/revisions"}],"predecessor-version":[{"id":704,"href":"https:\/\/lenahf.se\/index.php\/wp-json\/wp\/v2\/posts\/696\/revisions\/704"}],"wp:featuredmedia":[{"embeddable":true,"href":"https:\/\/lenahf.se\/index.php\/wp-json\/wp\/v2\/media\/699"}],"wp:attachment":[{"href":"https:\/\/lenahf.se\/index.php\/wp-json\/wp\/v2\/media?parent=696"}],"wp:term":[{"taxonomy":"category","embeddable":true,"href":"https:\/\/lenahf.se\/index.php\/wp-json\/wp\/v2\/categories?post=696"},{"taxonomy":"post_tag","embeddable":true,"href":"https:\/\/lenahf.se\/index.php\/wp-json\/wp\/v2\/tags?post=696"}],"curies":[{"name":"wp","href":"https:\/\/api.w.org\/{rel}","templated":true}]}}