{"id":783,"date":"2019-12-19T22:55:49","date_gmt":"2019-12-19T22:55:49","guid":{"rendered":"http:\/\/lenahf.se\/?p=783"},"modified":"2020-02-03T10:10:08","modified_gmt":"2020-02-03T10:10:08","slug":"lena-hellstrom-farnlof-sangpedagog","status":"publish","type":"post","link":"https:\/\/lenahf.se\/index.php\/2019\/12\/19\/lena-hellstrom-farnlof-sangpedagog\/","title":{"rendered":"Lena                         Hellstr\u00f6m-F\u00e4rnl\u00f6f                                   S\u00e5ngpedagog"},"content":{"rendered":"<p>19 december 2019<\/p>\n<p><a href=\"https:\/\/www.facebook.com\/martasaloen?__tn__=%2CdC-R-R&amp;eid=ARD7eIkogdCR8gYWYD1NJJZWyXaO6eRczrrbGngICRgIf864u3n11qRfD9EmVn_BFkwubhnfAJiF_5Ei&amp;hc_ref=ARR3ghSByDHvZ4_JSP2PO1lZE9Ah4H1F3606jpMQ2oFvPG-BJVGhyE99BS2E1IYTFig&amp;fref=nf\" target=\"_blank\" rel=\"noopener\">Marta Cecilia Sael\u00f6en<\/a> skrev p\u00e5 sin Facebook:<\/p>\n<p><em>Hej!<\/em><br \/>\n<em>Jag rekommenderar alla musiker som vill utvecklas och bli \u00e4nnu b\u00e4ttre att s\u00f6ka sig till musik- och operah\u00f6gskolan vid M\u00e4lardalens H\u00f6gskola! Jag g\u00e5r mitt andra \u00e5r p\u00e5 kammarmusikutbildningen och jag \u00e4r s\u00e5 otrolig n\u00f6jd. Helt otroliga l\u00e4rare och fantastiska studenter. Tillsammans med professor\u00a0<a class=\"profileLink\" title=\"Lena Hellstr\u00f6m-F\u00e4rnl\u00f6f\" href=\"https:\/\/www.facebook.com\/lena.hellstromfarnlof?__tn__=%2CdK-R-R&amp;eid=ARD_PeG2JCe5YeJ5m_57fnOhwsynJ67w8-OhdUonRbIrenrDzx-ebS99DMVkc_q9z_8P1_KCjNY_9Rvc&amp;fref=mentions\" data-hovercard=\"\/ajax\/hovercard\/user.php?id=528661880&amp;extragetparams=%7B%22__tn__%22%3A%22%2CdK-R-R%22%2C%22eid%22%3A%22ARD_PeG2JCe5YeJ5m_57fnOhwsynJ67w8-OhdUonRbIrenrDzx-ebS99DMVkc_q9z_8P1_KCjNY_9Rvc%22%2C%22fref%22%3A%22mentions%22%7D\" data-hovercard-prefer-more-content-show=\"1\">Lena Hellstr\u00f6m-F\u00e4rnl\u00f6f<\/a>, s\u00e5ngpedagog, har jag utvecklats b\u00e5de som s\u00e5ngerska och person! Tack!\u00a0<span class=\"_5mfr\"><span class=\"_6qdm\">\u2764\ufe0f<\/span><\/span><\/em><\/p>\n<p><em>S\u00f6k senast den 15 januari.<\/em><\/p>\n<p>&nbsp;<\/p>\n<p>Om Lena Helltr\u00f6m-F\u00e4rnl\u00f6f, en av Sveriges fr\u00e4msta s\u00e5ngpedagoger:<\/p>\n<p><em>Utbildad vid Operah\u00f6gskolan i Stockholm och Musikh\u00f6gskolan i G\u00f6teborg. Sjungit allt ifr\u00e5n tidig medeltidsmusik till ultramodern nyskriven i sm\u00e5 och stora konstellationer, opera, barnopera, kammarmusik, solist med orkestrar, solist i sakrala verk b\u00e5de i Sverige och utomlands.<\/em><\/p>\n<p><em>Efter m\u00e5nga \u00e5r i branschen, f\u00f6rst som student, sedan ute p\u00e5 f\u00e4ltet som konsert- och operas\u00e5ngerska \u00e4gnar sig Lena nu sig exklusivt \u00e5t s\u00e5ngundervisning.<\/em><\/p>\n<p><em>Professor\u00a0 och excellent teacher, undervisar professionella s\u00e5ngare och studenter i alla r\u00f6stfack, ger regelbundet masterclasses nationellt och internationellt.<\/em><\/p>\n<p><em>Agerar ofta sakkunnig i jurys och \u00e4r artistisk r\u00e5dgivare i agenturen Good Company.<\/em><\/p>\n<p><em>Lena\u00a0 \u00e4r en uppskattad konferenci\u00e4r i konsert och operasammanhang.\u00a0<\/em><\/p>\n","protected":false},"excerpt":{"rendered":"<p>19 december 2019 Marta Cecilia Sael\u00f6en skrev p\u00e5 sin Facebook: Hej! Jag rekommenderar alla musiker som vill utvecklas och bli \u00e4nnu b\u00e4ttre att s\u00f6ka sig till musik- och operah\u00f6gskolan vid M\u00e4lardalens H\u00f6gskola! Jag g\u00e5r mitt andra \u00e5r p\u00e5 kammarmusikutbildningen och jag \u00e4r s\u00e5 otrolig n\u00f6jd. Helt otroliga l\u00e4rare och fantastiska studenter. Tillsammans med professor\u00a0Lena Hellstr\u00f6m-F\u00e4rnl\u00f6f, [&hellip;]<\/p>\n","protected":false},"author":1,"featured_media":784,"comment_status":"closed","ping_status":"open","sticky":false,"template":"","format":"standard","meta":{"footnotes":""},"categories":[1],"tags":[],"class_list":["post-783","post","type-post","status-publish","format-standard","has-post-thumbnail","hentry","category-uncategorized"],"_links":{"self":[{"href":"https:\/\/lenahf.se\/index.php\/wp-json\/wp\/v2\/posts\/783","targetHints":{"allow":["GET"]}}],"collection":[{"href":"https:\/\/lenahf.se\/index.php\/wp-json\/wp\/v2\/posts"}],"about":[{"href":"https:\/\/lenahf.se\/index.php\/wp-json\/wp\/v2\/types\/post"}],"author":[{"embeddable":true,"href":"https:\/\/lenahf.se\/index.php\/wp-json\/wp\/v2\/users\/1"}],"replies":[{"embeddable":true,"href":"https:\/\/lenahf.se\/index.php\/wp-json\/wp\/v2\/comments?post=783"}],"version-history":[{"count":1,"href":"https:\/\/lenahf.se\/index.php\/wp-json\/wp\/v2\/posts\/783\/revisions"}],"predecessor-version":[{"id":785,"href":"https:\/\/lenahf.se\/index.php\/wp-json\/wp\/v2\/posts\/783\/revisions\/785"}],"wp:featuredmedia":[{"embeddable":true,"href":"https:\/\/lenahf.se\/index.php\/wp-json\/wp\/v2\/media\/784"}],"wp:attachment":[{"href":"https:\/\/lenahf.se\/index.php\/wp-json\/wp\/v2\/media?parent=783"}],"wp:term":[{"taxonomy":"category","embeddable":true,"href":"https:\/\/lenahf.se\/index.php\/wp-json\/wp\/v2\/categories?post=783"},{"taxonomy":"post_tag","embeddable":true,"href":"https:\/\/lenahf.se\/index.php\/wp-json\/wp\/v2\/tags?post=783"}],"curies":[{"name":"wp","href":"https:\/\/api.w.org\/{rel}","templated":true}]}}